{"id":9021,"date":"2025-02-20T09:00:52","date_gmt":"2025-02-20T08:00:52","guid":{"rendered":"https:\/\/spm360.com\/spm360-liderando-el-camino-hacia-un-futuro-sostenible"},"modified":"2025-02-20T12:24:33","modified_gmt":"2025-02-20T11:24:33","slug":"spm360-liderant-el-cami-cap-a-un-futur-sostenible","status":"publish","type":"post","link":"https:\/\/spm360.com\/ca\/spm360-liderant-el-cami-cap-a-un-futur-sostenible","title":{"rendered":"SPM360: Liderant el cam\u00ed cap a un futur sostenible"},"content":{"rendered":"<p>A SPM360 ens enorgulleix anunciar la <a href=\"https:\/\/spm360.com\/ca\/compromesos-amb-la-qualitat-responsable\">renovaci\u00f3 de la nostra certificaci\u00f3 <strong>ISO 14001<\/strong><\/a>, una norma internacional que avala el nostre comprom\u00eds amb la protecci\u00f3 del medi ambient. Cada acci\u00f3 que emprenem est\u00e0 orientada a construir un <a href=\"https:\/\/spm360.com\/ca\/rsc\">futur m\u00e9s verd<\/a>, minimitzant el nostre impacte ambiental i complint amb les regulacions vigents.<\/p>\n<p>Renovar aquesta certificaci\u00f3 significa que les nostres pr\u00e0ctiques i processos han estat avaluats rigorosament, complint amb els est\u00e0ndards internacionals m\u00e9s exigents en gesti\u00f3 ambiental.<\/p>\n<p>A SPM360 creiem fermament que la cura del medi ambient \u00e9s una responsabilitat compartida. La renovaci\u00f3 de la <strong>ISO 14001<\/strong> refor\u00e7a la confian\u00e7a dels nostres clients i socis, que saben que col\u00b7laboren amb una empresa que prioritza la sostenibilitat. Aquest reconeixement ens motiva a continuar implementant pr\u00e0ctiques sostenibles en totes les nostres operacions, buscant sempre solucions innovadores per optimitzar processos i reduir la nostra petjada ambiental.<\/p>\n<p><img decoding=\"async\" class=\"lazyload wp-image-8999 aligncenter\" src=\"https:\/\/spm360.com\/wp-content\/uploads\/2025\/02\/ISO-14001-RGB.png\" data-orig-src=\"https:\/\/spm360.com\/wp-content\/uploads\/2025\/02\/ISO-14001-RGB.png\" alt=\"ISO 14001\" width=\"242\" height=\"92\" title=\"\" srcset=\"data:image\/svg+xml,%3Csvg%20xmlns%3D%27http%3A%2F%2Fwww.w3.org%2F2000%2Fsvg%27%20width%3D%27242%27%20height%3D%2792%27%20viewBox%3D%270%200%20242%2092%27%3E%3Crect%20width%3D%27242%27%20height%3D%2792%27%20fill-opacity%3D%220%22%2F%3E%3C%2Fsvg%3E\" data-srcset=\"https:\/\/spm360.com\/wp-content\/uploads\/2025\/02\/ISO-14001-RGB-200x76.png 200w, https:\/\/spm360.com\/wp-content\/uploads\/2025\/02\/ISO-14001-RGB-300x114.png 300w, https:\/\/spm360.com\/wp-content\/uploads\/2025\/02\/ISO-14001-RGB-400x152.png 400w, https:\/\/spm360.com\/wp-content\/uploads\/2025\/02\/ISO-14001-RGB-600x228.png 600w, https:\/\/spm360.com\/wp-content\/uploads\/2025\/02\/ISO-14001-RGB-768x292.png 768w, https:\/\/spm360.com\/wp-content\/uploads\/2025\/02\/ISO-14001-RGB-800x304.png 800w, https:\/\/spm360.com\/wp-content\/uploads\/2025\/02\/ISO-14001-RGB-1024x389.png 1024w, https:\/\/spm360.com\/wp-content\/uploads\/2025\/02\/ISO-14001-RGB-1200x456.png 1200w, https:\/\/spm360.com\/wp-content\/uploads\/2025\/02\/ISO-14001-RGB.png 1423w\" data-sizes=\"auto\" data-orig-sizes=\"(max-width: 242px) 100vw, 242px\" \/><\/p>\n<h2>El nostre comprom\u00eds amb el medi ambient: Accions destacades durant l\u2019\u00faltim any<\/h2>\n<h3>Reducci\u00f3 del consum energ\u00e8tic<\/h3>\n<p>Hem redu\u00eft el nostre consum d\u2019energia en un 20% mitjan\u00e7ant la implementaci\u00f3 de sistemes d\u2019il\u00b7luminaci\u00f3 eficients, com ara llums LED d\u2019\u00faltima generaci\u00f3 i sensors autom\u00e0tics a les nostres instal\u00b7lacions.<\/p>\n<h3>\u00das d\u2019energia renovable<\/h3>\n<p>Ens assegurem que el 100% de l\u2019energia que utilitzem provingui de fonts renovables, col\u00b7laborant exclusivament amb prove\u00efdors que comparteixen el nostre comprom\u00eds ambiental. Aix\u00f2 inclou l\u2019\u00fas d\u2019energia solar, e\u00f2lica i hidr\u00e0ulica.<\/p>\n<h3>Gesti\u00f3 de residus<\/h3>\n<p>El nostre programa de Reciclatge Total <strong>\u201cRESIDU ZERO\u201d<\/strong> garanteix que el 100% dels nostres residus es reciclen o reutilitzen, evitant que acabin en abocadors. Entre les iniciatives destaquen la segregaci\u00f3 en origen i la reutilitzaci\u00f3 creativa de materials en projectes interns.<\/p>\n<h3>Consci\u00e8ncia ambiental<\/h3>\n<p>Organitzem tallers i campanyes educatives per sensibilitzar els nostres empleats sobre la import\u00e0ncia de les pr\u00e0ctiques sostenibles, tant en l\u2019\u00e0mbit laboral com en la seva vida di\u00e0ria. Aquestes activitats reforcen la nostra cultura organitzacional basada en la responsabilitat ambiental.<\/p>\n<h2>Mirant cap al futur<\/h2>\n<p>Aquest \u00e9s nom\u00e9s l\u2019inici del nostre viatge cap a la sostenibilitat. Continuarem treballant amb passi\u00f3 i comprom\u00eds per superar els reptes ambientals, col\u00b7laborant amb els nostres clients, socis i la comunitat per crear un impacte positiu en el m\u00f3n.<\/p>\n<p><span style=\"font-size: 18px; font-weight: 400; line-height: 1.2;\">Et convidem a con\u00e8ixer m\u00e9s sobre les nostres iniciatives ambientals navegant pel nostre lloc web <a href=\"http:\/\/www.spm360.com\/ca\">www.spm360.com<\/a>. Junts, podem liderar el canvi cap a un futur m\u00e9s sostenible.<\/span><\/p>\n","protected":false},"excerpt":{"rendered":"<p>A SPM360 ens enorgulleix anunciar la renovaci\u00f3 de la nostra certificaci\u00f3 ISO 14001, una norma internacional que avala el nostre [&hellip;]<\/p>\n","protected":false},"author":5,"featured_media":9029,"comment_status":"closed","ping_status":"open","sticky":false,"template":"","format":"standard","meta":{"footnotes":""},"categories":[97,81],"tags":[],"class_list":["post-9021","post","type-post","status-publish","format-standard","has-post-thumbnail","hentry","category-sostenibilidad-ca","category-sostenibilitat"],"_links":{"self":[{"href":"https:\/\/spm360.com\/ca\/wp-json\/wp\/v2\/posts\/9021","targetHints":{"allow":["GET"]}}],"collection":[{"href":"https:\/\/spm360.com\/ca\/wp-json\/wp\/v2\/posts"}],"about":[{"href":"https:\/\/spm360.com\/ca\/wp-json\/wp\/v2\/types\/post"}],"author":[{"embeddable":true,"href":"https:\/\/spm360.com\/ca\/wp-json\/wp\/v2\/users\/5"}],"replies":[{"embeddable":true,"href":"https:\/\/spm360.com\/ca\/wp-json\/wp\/v2\/comments?post=9021"}],"version-history":[{"count":4,"href":"https:\/\/spm360.com\/ca\/wp-json\/wp\/v2\/posts\/9021\/revisions"}],"predecessor-version":[{"id":9027,"href":"https:\/\/spm360.com\/ca\/wp-json\/wp\/v2\/posts\/9021\/revisions\/9027"}],"wp:featuredmedia":[{"embeddable":true,"href":"https:\/\/spm360.com\/ca\/wp-json\/wp\/v2\/media\/9029"}],"wp:attachment":[{"href":"https:\/\/spm360.com\/ca\/wp-json\/wp\/v2\/media?parent=9021"}],"wp:term":[{"taxonomy":"category","embeddable":true,"href":"https:\/\/spm360.com\/ca\/wp-json\/wp\/v2\/categories?post=9021"},{"taxonomy":"post_tag","embeddable":true,"href":"https:\/\/spm360.com\/ca\/wp-json\/wp\/v2\/tags?post=9021"}],"curies":[{"name":"wp","href":"https:\/\/api.w.org\/{rel}","templated":true}]}}