{"id":5703,"date":"2022-02-12T20:33:15","date_gmt":"2022-02-12T19:33:15","guid":{"rendered":"https:\/\/spm360.com\/?p=5703"},"modified":"2022-02-12T20:35:47","modified_gmt":"2022-02-12T19:35:47","slug":"spm-aconsegueix-la-certificacio-iso-140012015-pel-seu-compromis-amb-la-gestio-mediambiental","status":"publish","type":"post","link":"https:\/\/spm360.com\/ca\/spm-aconsegueix-la-certificacio-iso-140012015-pel-seu-compromis-amb-la-gestio-mediambiental","title":{"rendered":"SPM aconsegueix la certificaci\u00f3 ISO 14001:2015 pel seu comprom\u00eds amb la gesti\u00f3 mediambiental"},"content":{"rendered":"<p><span style=\"font-weight: 400;\">Despr\u00e9s de m\u00e9s de 50 anys treballant al m\u00f3n del <a href=\"https:\/\/spm360.com\/ca\/marqueting-directe\" target=\"_blank\" rel=\"noopener\">m\u00e0rqueting directe,<\/a> el comprom\u00eds de SPM amb la sostenibilitat i el medi ambient continua intacte. De fet, recentment, mitjan\u00e7ant Bureau Veritas hem aconseguit la certificaci\u00f3 ISO 14001:2015, que reconeix el nostre comprom\u00eds amb la gesti\u00f3 mediambiental.<\/span><!--more--><\/p>\n<p><span style=\"font-weight: 400;\">Certificar el sistema de gesti\u00f3 ambiental (SGA) de SPM amb <strong>l&#8217;ISO 14001:2015<\/strong> era un dels objectius establerts dins de la pol\u00edtica mediambiental de l&#8217;empresa. Obtenir i aplicar aquesta certificaci\u00f3 t\u00e9 a veure amb els procediments d&#8217;identificaci\u00f3 i avaluaci\u00f3 dels aspectes ambientals, tractament dels riscos i oportunitats, aix\u00ed com els procediments de gesti\u00f3, control, seguiment i avaluaci\u00f3 de l&#8217;exercici ambiental en el desenvolupament de la nostra activitat empresarial.<\/span><\/p>\n<h2><span style=\"font-weight: 400;\">Comportament \u00e8tic<\/span><\/h2>\n<p><span style=\"font-weight: 400;\">La certificaci\u00f3 ISO 14001:2015 garanteix que des de SPM se segueixen est\u00e0ndards de bones praxis per contribuir a la protecci\u00f3 i respecte al medi ambient, pr\u00e0ctiques que fem extensibles a clients i prove\u00efdors. En concret, aquesta certificaci\u00f3 reconeix el comportament \u00e8tic i sostenible de l&#8217;empresa davant la societat.<\/span><\/p>\n<p><img decoding=\"async\" class=\"lazyload  wp-image-5699 alignright\" src=\"https:\/\/spm360.com\/wp-content\/uploads\/2022\/02\/SPM_ISO14001-300x150.jpeg\" data-orig-src=\"https:\/\/spm360.com\/wp-content\/uploads\/2022\/02\/SPM_ISO14001-300x150.jpeg\" alt=\"\" width=\"276\" height=\"138\" title=\"\" srcset=\"data:image\/svg+xml,%3Csvg%20xmlns%3D%27http%3A%2F%2Fwww.w3.org%2F2000%2Fsvg%27%20width%3D%27276%27%20height%3D%27138%27%20viewBox%3D%270%200%20276%20138%27%3E%3Crect%20width%3D%27276%27%20height%3D%27138%27%20fill-opacity%3D%220%22%2F%3E%3C%2Fsvg%3E\" data-srcset=\"https:\/\/spm360.com\/wp-content\/uploads\/2022\/02\/SPM_ISO14001-200x100.jpeg 200w, https:\/\/spm360.com\/wp-content\/uploads\/2022\/02\/SPM_ISO14001-300x150.jpeg 300w, https:\/\/spm360.com\/wp-content\/uploads\/2022\/02\/SPM_ISO14001-400x200.jpeg 400w, https:\/\/spm360.com\/wp-content\/uploads\/2022\/02\/SPM_ISO14001-600x300.jpeg 600w, https:\/\/spm360.com\/wp-content\/uploads\/2022\/02\/SPM_ISO14001-768x384.jpeg 768w, https:\/\/spm360.com\/wp-content\/uploads\/2022\/02\/SPM_ISO14001-800x400.jpeg 800w, https:\/\/spm360.com\/wp-content\/uploads\/2022\/02\/SPM_ISO14001-1024x512.jpeg 1024w, https:\/\/spm360.com\/wp-content\/uploads\/2022\/02\/SPM_ISO14001-1200x600.jpeg 1200w, https:\/\/spm360.com\/wp-content\/uploads\/2022\/02\/SPM_ISO14001-1536x768.jpeg 1536w, https:\/\/spm360.com\/wp-content\/uploads\/2022\/02\/SPM_ISO14001.jpeg 1920w\" data-sizes=\"auto\" data-orig-sizes=\"(max-width: 276px) 100vw, 276px\" \/><\/p>\n<p>Cal recordar que a SPM ens prenem molt seriosament la gesti\u00f3 de la nostra <a href=\"https:\/\/spm360.com\/ca\/rsc\" target=\"_blank\" rel=\"noopener\">Responsabilitat Social Corporativa<\/a> sent a m\u00e9s, des de 2019, \u201csoci signatory\u201d a\u00a0<span>\u00a0l&#8217;UNGLOBAL COMPACT de les Nacions Unides alineant, juntament amb les altres empreses participants, les nostres estrat\u00e8gies i operacions amb <\/span><i><span><strong>Els Deu Principis Universals sobre Drets Humans, Est\u00e0ndards Laborals, Medi Ambient i Anticorrupci\u00f3<\/strong>,<\/span><\/i><span> prenent totes les decisions possibles per promoure els Objectius de Desenvolupament Sostenible (ODS). Tot aix\u00f2 converteix SPM en l&#8217;ag\u00e8ncia de m\u00e0rqueting directe l\u00edder en serveis sostenibles.<\/span><\/p>\n<h2><span style=\"font-weight: 400;\">M\u00e9s enll\u00e0 de les certificacions<\/span><\/h2>\n<p><span style=\"font-weight: 400;\">No obstant aix\u00f2, a SPM defensem que m\u00e9s enll\u00e0 de les certificacions tamb\u00e9 hi hagi un comportament col\u00b7lectiu i voluntari en el seu assoliment. De fet, creiem que tant persones com organitzacions han de contribuir a la conscienciaci\u00f3 sobre la cura del medi ambient, aplicant totes les mesures necess\u00e0ries per aconseguir aquest objectiu. D&#8217;aquesta manera, assolirem grans progressos per protegir el medi ambient.<\/span><\/p>\n<p><img decoding=\"async\" class=\"lazyload alignnone wp-image-5697 alignleft\" src=\"data:image\/svg+xml,%3Csvg%20xmlns%3D%27http%3A%2F%2Fwww.w3.org%2F2000%2Fsvg%27%20width%3D%2769%27%20height%3D%2769%27%20viewBox%3D%270%200%2069%2069%27%3E%3Crect%20width%3D%2769%27%20height%3D%2769%27%20fill-opacity%3D%220%22%2F%3E%3C%2Fsvg%3E\" data-orig-src=\"https:\/\/spm360.com\/wp-content\/uploads\/2022\/02\/Alex-Ribo-SPM.png\" alt=\"\" width=\"69\" height=\"69\" title=\"\"><\/p>\n<p><span style=\"font-weight: 400;\">El nostre Purchasing Manager, \u00c0lex Rib\u00f3, assegura que:<\/span><\/p>\n<blockquote><p><span style=\"font-weight: 400;\">&#8220;Gr\u00e0cies a aquesta certificaci\u00f3, SPM incrementa la seva competitivitat i consolida el seu posicionament com a empresa compromesa amb la societat i l&#8217;entorn que l&#8217;envolta demostrant aix\u00ed que treballa dia a dia per complir les m\u00e9s altes expectatives dels clients i la societat&#8221;.<\/span><\/p><\/blockquote>\n<p><span style=\"font-weight: 400;\">Perqu\u00e8, com sempre diem a SPM: <strong>La nostra empremta \u00e9s no deixar-ne cap.<\/strong><\/span><\/p>\n<p>&nbsp;<\/p>\n","protected":false},"excerpt":{"rendered":"<p>Despr\u00e9s de m\u00e9s de 50 anys treballant al m\u00f3n del m\u00e0rqueting directe, el comprom\u00eds de SPM amb la sostenibilitat i [&hellip;]<\/p>\n","protected":false},"author":5,"featured_media":5705,"comment_status":"closed","ping_status":"open","sticky":false,"template":"","format":"standard","meta":{"footnotes":""},"categories":[70],"tags":[],"class_list":["post-5703","post","type-post","status-publish","format-standard","has-post-thumbnail","hentry","category-actualitat"],"_links":{"self":[{"href":"https:\/\/spm360.com\/ca\/wp-json\/wp\/v2\/posts\/5703","targetHints":{"allow":["GET"]}}],"collection":[{"href":"https:\/\/spm360.com\/ca\/wp-json\/wp\/v2\/posts"}],"about":[{"href":"https:\/\/spm360.com\/ca\/wp-json\/wp\/v2\/types\/post"}],"author":[{"embeddable":true,"href":"https:\/\/spm360.com\/ca\/wp-json\/wp\/v2\/users\/5"}],"replies":[{"embeddable":true,"href":"https:\/\/spm360.com\/ca\/wp-json\/wp\/v2\/comments?post=5703"}],"version-history":[{"count":3,"href":"https:\/\/spm360.com\/ca\/wp-json\/wp\/v2\/posts\/5703\/revisions"}],"predecessor-version":[{"id":5713,"href":"https:\/\/spm360.com\/ca\/wp-json\/wp\/v2\/posts\/5703\/revisions\/5713"}],"wp:featuredmedia":[{"embeddable":true,"href":"https:\/\/spm360.com\/ca\/wp-json\/wp\/v2\/media\/5705"}],"wp:attachment":[{"href":"https:\/\/spm360.com\/ca\/wp-json\/wp\/v2\/media?parent=5703"}],"wp:term":[{"taxonomy":"category","embeddable":true,"href":"https:\/\/spm360.com\/ca\/wp-json\/wp\/v2\/categories?post=5703"},{"taxonomy":"post_tag","embeddable":true,"href":"https:\/\/spm360.com\/ca\/wp-json\/wp\/v2\/tags?post=5703"}],"curies":[{"name":"wp","href":"https:\/\/api.w.org\/{rel}","templated":true}]}}