{"id":4251,"date":"2020-02-19T14:26:53","date_gmt":"2020-02-19T13:26:53","guid":{"rendered":"https:\/\/spm360.com\/apostem-per-la-rsc"},"modified":"2020-02-19T14:26:53","modified_gmt":"2020-02-19T13:26:53","slug":"apostem-per-la-rsc","status":"publish","type":"post","link":"https:\/\/spm360.com\/ca\/apostem-per-la-rsc","title":{"rendered":"Apostem per la RSC"},"content":{"rendered":"<p><strong>A SPM parlem de responsabilitat social corporativa (RSC) o responsabilitat social de l&#8217;empresa (RSE) quan fem refer\u00e8ncia l&#8217;aportaci\u00f3 proactiva i volunt\u00e0ria que fem dirigida a la millora global de les condicions socials, econ\u00f2miques i ambientals.<\/strong> En la mesura que parlem de la RSE com a contribuci\u00f3 proactiva es evident que estem referint-nos a un conjunt d&#8217;accions que van m\u00e9s enll\u00e0 de l&#8217;estricte respecte i compliment de la legislaci\u00f3 vigent que afecta i obliga a qualsevol empresa en funci\u00f3 de la seva activitat mercantil i productiva.<\/p>\n<p>Per tant, parlem d\u2019accions dirigides a conciliar els objectius empresarials amb principis i valors socials globals en l\u2019\u00e0mbit de la democr\u00e0cia, la just\u00edcia social, el desenvolupament sostenible i els drets humans.<\/p>\n<p>Des del maig del 2019 SPM forma part de la <strong><em>&#8220;Red Espa\u00f1ola del Pacto Mundial&#8221; <\/em><\/strong>de les <strong>Nacions Unides <\/strong>amb la missi\u00f3 d&#8217;afavorir la sostenibilitat empresarial mitjan\u00e7ant la implantaci\u00f3 d&#8217;un m\u00ednim de principis universals de conducta i acci\u00f3 en mat\u00e8ria de Drets Humans i Empresa, normes laborals, medi ambient i lluita contra la corrupci\u00f3, en l&#8217;estrat\u00e8gia i les operacions di\u00e0ries de tot tipus d&#8217;entitats i afavorir, d&#8217;aquesta manera, la consecuci\u00f3 d&#8217;objectius de desenvolupament sostenible (ODS).<\/p>\n<p>Per assolir els nostres objectius de desenvolupament sostenible (ODS) realitzem accions dins els \u00e0mbits <strong>MEDIAMBIENTAL, d&#8217;IGUALTAT <\/strong>i <strong>EMPRESARIAL.<\/strong><\/p>\n<p>En l\u00b4<em><strong>\u00e0mbit mediambiental<\/strong><\/em> fomentem una major cultura del reciclatge i la prevenci\u00f3 de la contaminaci\u00f3.<\/p>\n<p>Dins del <em><strong>camp de la igualtat<\/strong><\/em> i a\u00a0 trav\u00e9s del disseny e implementaci\u00f3 d\u2019un pla d\u2019igualtat aplicat en dos aspectes:<\/p>\n<ul>\n<li>El benestar dels treballadors.<\/li>\n<li>No a la discriminaci\u00f3.<\/li>\n<\/ul>\n<p>I en el <em><strong>apartat empresarial<\/strong><\/em>\u00a0 involucrem a clients i prove\u00efdors en el desenvolupament d\u2019una societat m\u00e9s justa per a tothom.<\/p>\n","protected":false},"excerpt":{"rendered":"<p>A SPM parlem de responsabilitat social corporativa (RSC) o responsabilitat social de l&#8217;empresa (RSE) quan fem refer\u00e8ncia l&#8217;aportaci\u00f3 proactiva i [&hellip;]<\/p>\n","protected":false},"author":5,"featured_media":4189,"comment_status":"closed","ping_status":"open","sticky":false,"template":"","format":"standard","meta":{"footnotes":""},"categories":[70],"tags":[],"class_list":["post-4251","post","type-post","status-publish","format-standard","has-post-thumbnail","hentry","category-actualitat"],"_links":{"self":[{"href":"https:\/\/spm360.com\/ca\/wp-json\/wp\/v2\/posts\/4251","targetHints":{"allow":["GET"]}}],"collection":[{"href":"https:\/\/spm360.com\/ca\/wp-json\/wp\/v2\/posts"}],"about":[{"href":"https:\/\/spm360.com\/ca\/wp-json\/wp\/v2\/types\/post"}],"author":[{"embeddable":true,"href":"https:\/\/spm360.com\/ca\/wp-json\/wp\/v2\/users\/5"}],"replies":[{"embeddable":true,"href":"https:\/\/spm360.com\/ca\/wp-json\/wp\/v2\/comments?post=4251"}],"version-history":[{"count":0,"href":"https:\/\/spm360.com\/ca\/wp-json\/wp\/v2\/posts\/4251\/revisions"}],"wp:featuredmedia":[{"embeddable":true,"href":"https:\/\/spm360.com\/ca\/wp-json\/wp\/v2\/media\/4189"}],"wp:attachment":[{"href":"https:\/\/spm360.com\/ca\/wp-json\/wp\/v2\/media?parent=4251"}],"wp:term":[{"taxonomy":"category","embeddable":true,"href":"https:\/\/spm360.com\/ca\/wp-json\/wp\/v2\/categories?post=4251"},{"taxonomy":"post_tag","embeddable":true,"href":"https:\/\/spm360.com\/ca\/wp-json\/wp\/v2\/tags?post=4251"}],"curies":[{"name":"wp","href":"https:\/\/api.w.org\/{rel}","templated":true}]}}